{"id":458,"date":"2023-02-10T14:44:20","date_gmt":"2023-02-10T14:44:20","guid":{"rendered":"http:\/\/fundacionofreceunhogar.org\/?p=458"},"modified":"2023-02-10T14:44:20","modified_gmt":"2023-02-10T14:44:20","slug":"bautizo-de-las-bebes-en-el-hogar-maria-guadalupe","status":"publish","type":"post","link":"https:\/\/fundacionofreceunhogar.org\/index.php\/2023\/02\/10\/bautizo-de-las-bebes-en-el-hogar-maria-guadalupe\/","title":{"rendered":"Bautizo de las beb\u00e9s en el Hogar Mar\u00eda Guadalupe"},"content":{"rendered":"\n<p>Compartimos nuestra F\u00e9, a trav\u00e9s de los valores pilares que sostienen nuestra organizaci\u00f3n. El pasado 13 de agosto, fueron recibidos formalmente como hijos de Dios los beb\u00e9s de nuestra chicas del Hogar Mar\u00eda Guadalupe, en la ceremonia de sacramento del bautismo celebrada en la Parroquia San Jos\u00e9.<\/p>\n\n\n\n<p>Miembros de la Fundaci\u00f3n Ofrece un Hogar juntos en la C\u00e1mara Paname\u00f1a de Desarrollo Social.<\/p>\n\n\n\n<figure class=\"wp-block-gallery has-nested-images columns-default is-cropped wp-block-gallery-1 is-layout-flex wp-block-gallery-is-layout-flex\">\n<figure class=\"wp-block-image size-large\"><img decoding=\"async\" data-id=\"459\" src=\"http:\/\/fundacionofreceunhogar.org\/wp-content\/uploads\/2023\/02\/bautizo-guadalupe-news-letter-sept-2022-1024x714.jpg\" alt=\"\" class=\"wp-image-459\"\/><\/figure>\n\n\n\n<figure class=\"wp-block-image size-large\"><img decoding=\"async\" data-id=\"460\" src=\"http:\/\/fundacionofreceunhogar.org\/wp-content\/uploads\/2023\/02\/bautizo-guadalupe-news-letter-sept-2022-3.jpg\" alt=\"\" class=\"wp-image-460\"\/><\/figure>\n\n\n\n<figure class=\"wp-block-image size-large\"><img decoding=\"async\" data-id=\"461\" src=\"http:\/\/fundacionofreceunhogar.org\/wp-content\/uploads\/2023\/02\/bautizo-guadalupe-news-letter-sept-2022-4-1024x1024.jpg\" alt=\"\" class=\"wp-image-461\"\/><\/figure>\n\n\n\n<figure class=\"wp-block-image size-large\"><img decoding=\"async\" data-id=\"463\" src=\"http:\/\/fundacionofreceunhogar.org\/wp-content\/uploads\/2023\/02\/bautizo-guadalupe-news-letter-sept-2022-5.jpg\" alt=\"\" class=\"wp-image-463\"\/><\/figure>\n\n\n\n<figure class=\"wp-block-image size-large\"><img decoding=\"async\" data-id=\"462\" src=\"http:\/\/fundacionofreceunhogar.org\/wp-content\/uploads\/2023\/02\/bautizo-guadalupe-news-letter-sept-2022-7-652x1024.jpg\" alt=\"\" class=\"wp-image-462\"\/><\/figure>\n\n\n\n<figure class=\"wp-block-image size-large\"><img decoding=\"async\" data-id=\"464\" src=\"http:\/\/fundacionofreceunhogar.org\/wp-content\/uploads\/2023\/02\/bautizo-guadalupe-news-letter-sept-2022b.jpg\" alt=\"\" class=\"wp-image-464\"\/><\/figure>\n<\/figure>\n","protected":false},"excerpt":{"rendered":"<p>Compartimos nuestra F\u00e9, a trav\u00e9s de los valores pilares que sostienen nuestra organizaci\u00f3n. El pasado 13 de agosto, fueron recibidos [&hellip;]<\/p>\n","protected":false},"author":2,"featured_media":464,"comment_status":"closed","ping_status":"closed","sticky":false,"template":"","format":"standard","meta":{"site-sidebar-layout":"default","site-content-layout":"","ast-site-content-layout":"default","site-content-style":"default","site-sidebar-style":"default","ast-global-header-display":"","ast-banner-title-visibility":"","ast-main-header-display":"","ast-hfb-above-header-display":"","ast-hfb-below-header-display":"","ast-hfb-mobile-header-display":"","site-post-title":"","ast-breadcrumbs-content":"","ast-featured-img":"","footer-sml-layout":"","ast-disable-related-posts":"","theme-transparent-header-meta":"","adv-header-id-meta":"","stick-header-meta":"","header-above-stick-meta":"","header-main-stick-meta":"","header-below-stick-meta":"","astra-migrate-meta-layouts":"default","ast-page-background-enabled":"default","ast-page-background-meta":{"desktop":{"background-color":"var(--ast-global-color-4)","background-image":"","background-repeat":"repeat","background-position":"center center","background-size":"auto","background-attachment":"scroll","background-type":"","background-media":"","overlay-type":"","overlay-color":"","overlay-opacity":"","overlay-gradient":""},"tablet":{"background-color":"","background-image":"","background-repeat":"repeat","background-position":"center center","background-size":"auto","background-attachment":"scroll","background-type":"","background-media":"","overlay-type":"","overlay-color":"","overlay-opacity":"","overlay-gradient":""},"mobile":{"background-color":"","background-image":"","background-repeat":"repeat","background-position":"center center","background-size":"auto","background-attachment":"scroll","background-type":"","background-media":"","overlay-type":"","overlay-color":"","overlay-opacity":"","overlay-gradient":""}},"ast-content-background-meta":{"desktop":{"background-color":"var(--ast-global-color-5)","background-image":"","background-repeat":"repeat","background-position":"center center","background-size":"auto","background-attachment":"scroll","background-type":"","background-media":"","overlay-type":"","overlay-color":"","overlay-opacity":"","overlay-gradient":""},"tablet":{"background-color":"var(--ast-global-color-5)","background-image":"","background-repeat":"repeat","background-position":"center center","background-size":"auto","background-attachment":"scroll","background-type":"","background-media":"","overlay-type":"","overlay-color":"","overlay-opacity":"","overlay-gradient":""},"mobile":{"background-color":"var(--ast-global-color-5)","background-image":"","background-repeat":"repeat","background-position":"center center","background-size":"auto","background-attachment":"scroll","background-type":"","background-media":"","overlay-type":"","overlay-color":"","overlay-opacity":"","overlay-gradient":""}},"footnotes":""},"categories":[2],"tags":[],"class_list":["post-458","post","type-post","status-publish","format-standard","has-post-thumbnail","hentry","category-eventos"],"yoast_head":"<!-- This site is optimized with the Yoast SEO plugin v27.5 - https:\/\/yoast.com\/product\/yoast-seo-wordpress\/ -->\n<title>Bautizo de las beb\u00e9s en el Hogar Mar\u00eda Guadalupe - My Shop<\/title>\n<meta name=\"description\" content=\"Compartimos nuestra F\u00e9, a trav\u00e9s de los valores pilares que sostienen nuestra organizaci\u00f3n. El pasado 13 de agosto.\" \/>\n<meta name=\"robots\" content=\"index, follow, max-snippet:-1, max-image-preview:large, max-video-preview:-1\" \/>\n<link rel=\"canonical\" href=\"https:\/\/fundacionofreceunhogar.org\/index.php\/2023\/02\/10\/bautizo-de-las-bebes-en-el-hogar-maria-guadalupe\/\" \/>\n<meta property=\"og:locale\" content=\"es_ES\" \/>\n<meta property=\"og:type\" content=\"article\" \/>\n<meta property=\"og:title\" content=\"Bautizo de las beb\u00e9s en el Hogar Mar\u00eda Guadalupe - My Shop\" \/>\n<meta property=\"og:description\" content=\"Compartimos nuestra F\u00e9, a trav\u00e9s de los valores pilares que sostienen nuestra organizaci\u00f3n. El pasado 13 de agosto.\" \/>\n<meta property=\"og:url\" content=\"https:\/\/fundacionofreceunhogar.org\/index.php\/2023\/02\/10\/bautizo-de-las-bebes-en-el-hogar-maria-guadalupe\/\" \/>\n<meta property=\"og:site_name\" content=\"My Shop\" \/>\n<meta property=\"article:published_time\" content=\"2023-02-10T14:44:20+00:00\" \/>\n<meta name=\"author\" content=\"editor1\" \/>\n<meta name=\"twitter:card\" content=\"summary_large_image\" \/>\n<meta name=\"twitter:label1\" content=\"Escrito por\" \/>\n\t<meta name=\"twitter:data1\" content=\"editor1\" \/>\n\t<meta name=\"twitter:label2\" content=\"Tiempo de lectura\" \/>\n\t<meta name=\"twitter:data2\" content=\"2 minutos\" \/>\n<script type=\"application\/ld+json\" class=\"yoast-schema-graph\">{\"@context\":\"https:\\\/\\\/schema.org\",\"@graph\":[{\"@type\":\"Article\",\"@id\":\"https:\\\/\\\/fundacionofreceunhogar.org\\\/index.php\\\/2023\\\/02\\\/10\\\/bautizo-de-las-bebes-en-el-hogar-maria-guadalupe\\\/#article\",\"isPartOf\":{\"@id\":\"https:\\\/\\\/fundacionofreceunhogar.org\\\/index.php\\\/2023\\\/02\\\/10\\\/bautizo-de-las-bebes-en-el-hogar-maria-guadalupe\\\/\"},\"author\":{\"name\":\"editor1\",\"@id\":\"https:\\\/\\\/fundacionofreceunhogar.org\\\/#\\\/schema\\\/person\\\/1572f2e2203c7f09ea60e0851799e35e\"},\"headline\":\"Bautizo de las beb\u00e9s en el Hogar Mar\u00eda Guadalupe\",\"datePublished\":\"2023-02-10T14:44:20+00:00\",\"mainEntityOfPage\":{\"@id\":\"https:\\\/\\\/fundacionofreceunhogar.org\\\/index.php\\\/2023\\\/02\\\/10\\\/bautizo-de-las-bebes-en-el-hogar-maria-guadalupe\\\/\"},\"wordCount\":79,\"image\":{\"@id\":\"https:\\\/\\\/fundacionofreceunhogar.org\\\/index.php\\\/2023\\\/02\\\/10\\\/bautizo-de-las-bebes-en-el-hogar-maria-guadalupe\\\/#primaryimage\"},\"thumbnailUrl\":\"\",\"articleSection\":[\"Eventos\"],\"inLanguage\":\"es\"},{\"@type\":\"WebPage\",\"@id\":\"https:\\\/\\\/fundacionofreceunhogar.org\\\/index.php\\\/2023\\\/02\\\/10\\\/bautizo-de-las-bebes-en-el-hogar-maria-guadalupe\\\/\",\"url\":\"https:\\\/\\\/fundacionofreceunhogar.org\\\/index.php\\\/2023\\\/02\\\/10\\\/bautizo-de-las-bebes-en-el-hogar-maria-guadalupe\\\/\",\"name\":\"Bautizo de las beb\u00e9s en el Hogar Mar\u00eda Guadalupe - My Shop\",\"isPartOf\":{\"@id\":\"https:\\\/\\\/fundacionofreceunhogar.org\\\/#website\"},\"primaryImageOfPage\":{\"@id\":\"https:\\\/\\\/fundacionofreceunhogar.org\\\/index.php\\\/2023\\\/02\\\/10\\\/bautizo-de-las-bebes-en-el-hogar-maria-guadalupe\\\/#primaryimage\"},\"image\":{\"@id\":\"https:\\\/\\\/fundacionofreceunhogar.org\\\/index.php\\\/2023\\\/02\\\/10\\\/bautizo-de-las-bebes-en-el-hogar-maria-guadalupe\\\/#primaryimage\"},\"thumbnailUrl\":\"\",\"datePublished\":\"2023-02-10T14:44:20+00:00\",\"author\":{\"@id\":\"https:\\\/\\\/fundacionofreceunhogar.org\\\/#\\\/schema\\\/person\\\/1572f2e2203c7f09ea60e0851799e35e\"},\"description\":\"Compartimos nuestra F\u00e9, a trav\u00e9s de los valores pilares que sostienen nuestra organizaci\u00f3n. El pasado 13 de agosto.\",\"breadcrumb\":{\"@id\":\"https:\\\/\\\/fundacionofreceunhogar.org\\\/index.php\\\/2023\\\/02\\\/10\\\/bautizo-de-las-bebes-en-el-hogar-maria-guadalupe\\\/#breadcrumb\"},\"inLanguage\":\"es\",\"potentialAction\":[{\"@type\":\"ReadAction\",\"target\":[\"https:\\\/\\\/fundacionofreceunhogar.org\\\/index.php\\\/2023\\\/02\\\/10\\\/bautizo-de-las-bebes-en-el-hogar-maria-guadalupe\\\/\"]}]},{\"@type\":\"ImageObject\",\"inLanguage\":\"es\",\"@id\":\"https:\\\/\\\/fundacionofreceunhogar.org\\\/index.php\\\/2023\\\/02\\\/10\\\/bautizo-de-las-bebes-en-el-hogar-maria-guadalupe\\\/#primaryimage\",\"url\":\"\",\"contentUrl\":\"\"},{\"@type\":\"BreadcrumbList\",\"@id\":\"https:\\\/\\\/fundacionofreceunhogar.org\\\/index.php\\\/2023\\\/02\\\/10\\\/bautizo-de-las-bebes-en-el-hogar-maria-guadalupe\\\/#breadcrumb\",\"itemListElement\":[{\"@type\":\"ListItem\",\"position\":1,\"name\":\"Portada\",\"item\":\"https:\\\/\\\/fundacionofreceunhogar.org\\\/\"},{\"@type\":\"ListItem\",\"position\":2,\"name\":\"Bautizo de las beb\u00e9s en el Hogar Mar\u00eda Guadalupe\"}]},{\"@type\":\"WebSite\",\"@id\":\"https:\\\/\\\/fundacionofreceunhogar.org\\\/#website\",\"url\":\"https:\\\/\\\/fundacionofreceunhogar.org\\\/\",\"name\":\"My Shop\",\"description\":\"\",\"potentialAction\":[{\"@type\":\"SearchAction\",\"target\":{\"@type\":\"EntryPoint\",\"urlTemplate\":\"https:\\\/\\\/fundacionofreceunhogar.org\\\/?s={search_term_string}\"},\"query-input\":{\"@type\":\"PropertyValueSpecification\",\"valueRequired\":true,\"valueName\":\"search_term_string\"}}],\"inLanguage\":\"es\"},{\"@type\":\"Person\",\"@id\":\"https:\\\/\\\/fundacionofreceunhogar.org\\\/#\\\/schema\\\/person\\\/1572f2e2203c7f09ea60e0851799e35e\",\"name\":\"editor1\",\"image\":{\"@type\":\"ImageObject\",\"inLanguage\":\"es\",\"@id\":\"https:\\\/\\\/secure.gravatar.com\\\/avatar\\\/?s=96&d=mm&r=g\",\"url\":\"https:\\\/\\\/secure.gravatar.com\\\/avatar\\\/?s=96&d=mm&r=g\",\"contentUrl\":\"https:\\\/\\\/secure.gravatar.com\\\/avatar\\\/?s=96&d=mm&r=g\",\"caption\":\"editor1\"},\"url\":\"https:\\\/\\\/fundacionofreceunhogar.org\\\/index.php\\\/author\\\/editor1\\\/\"}]}<\/script>\n<!-- \/ Yoast SEO plugin. -->","yoast_head_json":{"title":"Bautizo de las beb\u00e9s en el Hogar Mar\u00eda Guadalupe - My Shop","description":"Compartimos nuestra F\u00e9, a trav\u00e9s de los valores pilares que sostienen nuestra organizaci\u00f3n. El pasado 13 de agosto.","robots":{"index":"index","follow":"follow","max-snippet":"max-snippet:-1","max-image-preview":"max-image-preview:large","max-video-preview":"max-video-preview:-1"},"canonical":"https:\/\/fundacionofreceunhogar.org\/index.php\/2023\/02\/10\/bautizo-de-las-bebes-en-el-hogar-maria-guadalupe\/","og_locale":"es_ES","og_type":"article","og_title":"Bautizo de las beb\u00e9s en el Hogar Mar\u00eda Guadalupe - My Shop","og_description":"Compartimos nuestra F\u00e9, a trav\u00e9s de los valores pilares que sostienen nuestra organizaci\u00f3n. El pasado 13 de agosto.","og_url":"https:\/\/fundacionofreceunhogar.org\/index.php\/2023\/02\/10\/bautizo-de-las-bebes-en-el-hogar-maria-guadalupe\/","og_site_name":"My Shop","article_published_time":"2023-02-10T14:44:20+00:00","author":"editor1","twitter_card":"summary_large_image","twitter_misc":{"Escrito por":"editor1","Tiempo de lectura":"2 minutos"},"schema":{"@context":"https:\/\/schema.org","@graph":[{"@type":"Article","@id":"https:\/\/fundacionofreceunhogar.org\/index.php\/2023\/02\/10\/bautizo-de-las-bebes-en-el-hogar-maria-guadalupe\/#article","isPartOf":{"@id":"https:\/\/fundacionofreceunhogar.org\/index.php\/2023\/02\/10\/bautizo-de-las-bebes-en-el-hogar-maria-guadalupe\/"},"author":{"name":"editor1","@id":"https:\/\/fundacionofreceunhogar.org\/#\/schema\/person\/1572f2e2203c7f09ea60e0851799e35e"},"headline":"Bautizo de las beb\u00e9s en el Hogar Mar\u00eda Guadalupe","datePublished":"2023-02-10T14:44:20+00:00","mainEntityOfPage":{"@id":"https:\/\/fundacionofreceunhogar.org\/index.php\/2023\/02\/10\/bautizo-de-las-bebes-en-el-hogar-maria-guadalupe\/"},"wordCount":79,"image":{"@id":"https:\/\/fundacionofreceunhogar.org\/index.php\/2023\/02\/10\/bautizo-de-las-bebes-en-el-hogar-maria-guadalupe\/#primaryimage"},"thumbnailUrl":"","articleSection":["Eventos"],"inLanguage":"es"},{"@type":"WebPage","@id":"https:\/\/fundacionofreceunhogar.org\/index.php\/2023\/02\/10\/bautizo-de-las-bebes-en-el-hogar-maria-guadalupe\/","url":"https:\/\/fundacionofreceunhogar.org\/index.php\/2023\/02\/10\/bautizo-de-las-bebes-en-el-hogar-maria-guadalupe\/","name":"Bautizo de las beb\u00e9s en el Hogar Mar\u00eda Guadalupe - My Shop","isPartOf":{"@id":"https:\/\/fundacionofreceunhogar.org\/#website"},"primaryImageOfPage":{"@id":"https:\/\/fundacionofreceunhogar.org\/index.php\/2023\/02\/10\/bautizo-de-las-bebes-en-el-hogar-maria-guadalupe\/#primaryimage"},"image":{"@id":"https:\/\/fundacionofreceunhogar.org\/index.php\/2023\/02\/10\/bautizo-de-las-bebes-en-el-hogar-maria-guadalupe\/#primaryimage"},"thumbnailUrl":"","datePublished":"2023-02-10T14:44:20+00:00","author":{"@id":"https:\/\/fundacionofreceunhogar.org\/#\/schema\/person\/1572f2e2203c7f09ea60e0851799e35e"},"description":"Compartimos nuestra F\u00e9, a trav\u00e9s de los valores pilares que sostienen nuestra organizaci\u00f3n. El pasado 13 de agosto.","breadcrumb":{"@id":"https:\/\/fundacionofreceunhogar.org\/index.php\/2023\/02\/10\/bautizo-de-las-bebes-en-el-hogar-maria-guadalupe\/#breadcrumb"},"inLanguage":"es","potentialAction":[{"@type":"ReadAction","target":["https:\/\/fundacionofreceunhogar.org\/index.php\/2023\/02\/10\/bautizo-de-las-bebes-en-el-hogar-maria-guadalupe\/"]}]},{"@type":"ImageObject","inLanguage":"es","@id":"https:\/\/fundacionofreceunhogar.org\/index.php\/2023\/02\/10\/bautizo-de-las-bebes-en-el-hogar-maria-guadalupe\/#primaryimage","url":"","contentUrl":""},{"@type":"BreadcrumbList","@id":"https:\/\/fundacionofreceunhogar.org\/index.php\/2023\/02\/10\/bautizo-de-las-bebes-en-el-hogar-maria-guadalupe\/#breadcrumb","itemListElement":[{"@type":"ListItem","position":1,"name":"Portada","item":"https:\/\/fundacionofreceunhogar.org\/"},{"@type":"ListItem","position":2,"name":"Bautizo de las beb\u00e9s en el Hogar Mar\u00eda Guadalupe"}]},{"@type":"WebSite","@id":"https:\/\/fundacionofreceunhogar.org\/#website","url":"https:\/\/fundacionofreceunhogar.org\/","name":"My Shop","description":"","potentialAction":[{"@type":"SearchAction","target":{"@type":"EntryPoint","urlTemplate":"https:\/\/fundacionofreceunhogar.org\/?s={search_term_string}"},"query-input":{"@type":"PropertyValueSpecification","valueRequired":true,"valueName":"search_term_string"}}],"inLanguage":"es"},{"@type":"Person","@id":"https:\/\/fundacionofreceunhogar.org\/#\/schema\/person\/1572f2e2203c7f09ea60e0851799e35e","name":"editor1","image":{"@type":"ImageObject","inLanguage":"es","@id":"https:\/\/secure.gravatar.com\/avatar\/?s=96&d=mm&r=g","url":"https:\/\/secure.gravatar.com\/avatar\/?s=96&d=mm&r=g","contentUrl":"https:\/\/secure.gravatar.com\/avatar\/?s=96&d=mm&r=g","caption":"editor1"},"url":"https:\/\/fundacionofreceunhogar.org\/index.php\/author\/editor1\/"}]}},"_links":{"self":[{"href":"https:\/\/fundacionofreceunhogar.org\/index.php\/wp-json\/wp\/v2\/posts\/458","targetHints":{"allow":["GET"]}}],"collection":[{"href":"https:\/\/fundacionofreceunhogar.org\/index.php\/wp-json\/wp\/v2\/posts"}],"about":[{"href":"https:\/\/fundacionofreceunhogar.org\/index.php\/wp-json\/wp\/v2\/types\/post"}],"author":[{"embeddable":true,"href":"https:\/\/fundacionofreceunhogar.org\/index.php\/wp-json\/wp\/v2\/users\/2"}],"replies":[{"embeddable":true,"href":"https:\/\/fundacionofreceunhogar.org\/index.php\/wp-json\/wp\/v2\/comments?post=458"}],"version-history":[{"count":0,"href":"https:\/\/fundacionofreceunhogar.org\/index.php\/wp-json\/wp\/v2\/posts\/458\/revisions"}],"wp:featuredmedia":[{"embeddable":true,"href":"https:\/\/fundacionofreceunhogar.org\/index.php\/wp-json\/"}],"wp:attachment":[{"href":"https:\/\/fundacionofreceunhogar.org\/index.php\/wp-json\/wp\/v2\/media?parent=458"}],"wp:term":[{"taxonomy":"category","embeddable":true,"href":"https:\/\/fundacionofreceunhogar.org\/index.php\/wp-json\/wp\/v2\/categories?post=458"},{"taxonomy":"post_tag","embeddable":true,"href":"https:\/\/fundacionofreceunhogar.org\/index.php\/wp-json\/wp\/v2\/tags?post=458"}],"curies":[{"name":"wp","href":"https:\/\/api.w.org\/{rel}","templated":true}]}}