{"id":473,"date":"2023-02-10T15:04:17","date_gmt":"2023-02-10T15:04:17","guid":{"rendered":"http:\/\/fundacionofreceunhogar.org\/?p=473"},"modified":"2023-02-10T15:04:17","modified_gmt":"2023-02-10T15:04:17","slug":"firma-del-convenio-de-la-alcaldia-de-panama-con-fundacion-ofrece-un-hogar","status":"publish","type":"post","link":"https:\/\/fundacionofreceunhogar.org\/index.php\/2023\/02\/10\/firma-del-convenio-de-la-alcaldia-de-panama-con-fundacion-ofrece-un-hogar\/","title":{"rendered":"Firma del Convenio de la Alcald\u00eda de Panam\u00e1 con Fundaci\u00f3n Ofrece un Hogar"},"content":{"rendered":"\n<p>El pasado 15 de junio firmamos el Convenio de renovaci\u00f3n del subsidio de la Alcald\u00eda de Panam\u00e1, como apoyo a la gesti\u00f3n de los programas de nuestros Hogares de protecci\u00f3n, Hogar Divino Ni\u00f1o y Hogar Mar\u00eda Guadalupe. El Acto se llev\u00f3 a cabo en la Casa de la Municipalidad con nuestro Vicepresidente Ismael Gonz\u00e1lez.<\/p>\n\n\n\n<figure class=\"wp-block-gallery has-nested-images columns-default is-cropped wp-block-gallery-1 is-layout-flex wp-block-gallery-is-layout-flex\">\n<figure class=\"wp-block-image size-large\"><img decoding=\"async\" data-id=\"479\" src=\"http:\/\/fundacionofreceunhogar.org\/wp-content\/uploads\/2023\/02\/foto-oficial-convenio-alcaldia-15-junio-2022.jpg\" alt=\"\" class=\"wp-image-479\"\/><\/figure>\n\n\n\n<figure class=\"wp-block-image size-large\"><img decoding=\"async\" data-id=\"478\" src=\"http:\/\/fundacionofreceunhogar.org\/wp-content\/uploads\/2023\/02\/isma-firmando-convenio-15-junio.jpg\" alt=\"\" class=\"wp-image-478\"\/><\/figure>\n\n\n\n<figure class=\"wp-block-image size-large\"><img decoding=\"async\" data-id=\"480\" src=\"http:\/\/fundacionofreceunhogar.org\/wp-content\/uploads\/2023\/02\/tamara-con-alcalde-convenio-15-junio-2022.jpg\" alt=\"\" class=\"wp-image-480\"\/><\/figure>\n<\/figure>\n\n\n\n<p>Miembros de la Fundaci\u00f3n ofrece un hogar junto al Vice Presidente de la Naci\u00f3n de Panam\u00e1.<\/p>\n","protected":false},"excerpt":{"rendered":"<p>El pasado 15 de junio firmamos el Convenio de renovaci\u00f3n del subsidio de la Alcald\u00eda de Panam\u00e1, como apoyo a [&hellip;]<\/p>\n","protected":false},"author":2,"featured_media":479,"comment_status":"closed","ping_status":"closed","sticky":false,"template":"","format":"standard","meta":{"site-sidebar-layout":"default","site-content-layout":"","ast-site-content-layout":"default","site-content-style":"default","site-sidebar-style":"default","ast-global-header-display":"","ast-banner-title-visibility":"","ast-main-header-display":"","ast-hfb-above-header-display":"","ast-hfb-below-header-display":"","ast-hfb-mobile-header-display":"","site-post-title":"","ast-breadcrumbs-content":"","ast-featured-img":"","footer-sml-layout":"","ast-disable-related-posts":"","theme-transparent-header-meta":"","adv-header-id-meta":"","stick-header-meta":"","header-above-stick-meta":"","header-main-stick-meta":"","header-below-stick-meta":"","astra-migrate-meta-layouts":"default","ast-page-background-enabled":"default","ast-page-background-meta":{"desktop":{"background-color":"var(--ast-global-color-4)","background-image":"","background-repeat":"repeat","background-position":"center center","background-size":"auto","background-attachment":"scroll","background-type":"","background-media":"","overlay-type":"","overlay-color":"","overlay-opacity":"","overlay-gradient":""},"tablet":{"background-color":"","background-image":"","background-repeat":"repeat","background-position":"center center","background-size":"auto","background-attachment":"scroll","background-type":"","background-media":"","overlay-type":"","overlay-color":"","overlay-opacity":"","overlay-gradient":""},"mobile":{"background-color":"","background-image":"","background-repeat":"repeat","background-position":"center center","background-size":"auto","background-attachment":"scroll","background-type":"","background-media":"","overlay-type":"","overlay-color":"","overlay-opacity":"","overlay-gradient":""}},"ast-content-background-meta":{"desktop":{"background-color":"var(--ast-global-color-5)","background-image":"","background-repeat":"repeat","background-position":"center center","background-size":"auto","background-attachment":"scroll","background-type":"","background-media":"","overlay-type":"","overlay-color":"","overlay-opacity":"","overlay-gradient":""},"tablet":{"background-color":"var(--ast-global-color-5)","background-image":"","background-repeat":"repeat","background-position":"center center","background-size":"auto","background-attachment":"scroll","background-type":"","background-media":"","overlay-type":"","overlay-color":"","overlay-opacity":"","overlay-gradient":""},"mobile":{"background-color":"var(--ast-global-color-5)","background-image":"","background-repeat":"repeat","background-position":"center center","background-size":"auto","background-attachment":"scroll","background-type":"","background-media":"","overlay-type":"","overlay-color":"","overlay-opacity":"","overlay-gradient":""}},"footnotes":""},"categories":[2],"tags":[],"class_list":["post-473","post","type-post","status-publish","format-standard","has-post-thumbnail","hentry","category-eventos"],"yoast_head":"<!-- This site is optimized with the Yoast SEO plugin v27.5 - https:\/\/yoast.com\/product\/yoast-seo-wordpress\/ -->\n<title>Firma del Convenio de la Alcald\u00eda de Panam\u00e1 con Fundaci\u00f3n Ofrece un Hogar - My Shop<\/title>\n<meta name=\"description\" content=\"El pasado 15 de junio firmamos en la Casa de la Municipalidad, el Convenio de renovaci\u00f3n del subsidio de la Alcald\u00eda de Panam\u00e1.\" \/>\n<meta name=\"robots\" content=\"index, follow, max-snippet:-1, max-image-preview:large, max-video-preview:-1\" \/>\n<link rel=\"canonical\" href=\"https:\/\/fundacionofreceunhogar.org\/index.php\/2023\/02\/10\/firma-del-convenio-de-la-alcaldia-de-panama-con-fundacion-ofrece-un-hogar\/\" \/>\n<meta property=\"og:locale\" content=\"es_ES\" \/>\n<meta property=\"og:type\" content=\"article\" \/>\n<meta property=\"og:title\" content=\"Firma del Convenio de la Alcald\u00eda de Panam\u00e1 con Fundaci\u00f3n Ofrece un Hogar - My Shop\" \/>\n<meta property=\"og:description\" content=\"El pasado 15 de junio firmamos en la Casa de la Municipalidad, el Convenio de renovaci\u00f3n del subsidio de la Alcald\u00eda de Panam\u00e1.\" \/>\n<meta property=\"og:url\" content=\"https:\/\/fundacionofreceunhogar.org\/index.php\/2023\/02\/10\/firma-del-convenio-de-la-alcaldia-de-panama-con-fundacion-ofrece-un-hogar\/\" \/>\n<meta property=\"og:site_name\" content=\"My Shop\" \/>\n<meta property=\"article:published_time\" content=\"2023-02-10T15:04:17+00:00\" \/>\n<meta name=\"author\" content=\"editor1\" \/>\n<meta name=\"twitter:card\" content=\"summary_large_image\" \/>\n<meta name=\"twitter:label1\" content=\"Escrito por\" \/>\n\t<meta name=\"twitter:data1\" content=\"editor1\" \/>\n\t<meta name=\"twitter:label2\" content=\"Tiempo de lectura\" \/>\n\t<meta name=\"twitter:data2\" content=\"1 minuto\" \/>\n<script type=\"application\/ld+json\" class=\"yoast-schema-graph\">{\"@context\":\"https:\\\/\\\/schema.org\",\"@graph\":[{\"@type\":\"Article\",\"@id\":\"https:\\\/\\\/fundacionofreceunhogar.org\\\/index.php\\\/2023\\\/02\\\/10\\\/firma-del-convenio-de-la-alcaldia-de-panama-con-fundacion-ofrece-un-hogar\\\/#article\",\"isPartOf\":{\"@id\":\"https:\\\/\\\/fundacionofreceunhogar.org\\\/index.php\\\/2023\\\/02\\\/10\\\/firma-del-convenio-de-la-alcaldia-de-panama-con-fundacion-ofrece-un-hogar\\\/\"},\"author\":{\"name\":\"editor1\",\"@id\":\"https:\\\/\\\/fundacionofreceunhogar.org\\\/#\\\/schema\\\/person\\\/1572f2e2203c7f09ea60e0851799e35e\"},\"headline\":\"Firma del Convenio de la Alcald\u00eda de Panam\u00e1 con Fundaci\u00f3n Ofrece un Hogar\",\"datePublished\":\"2023-02-10T15:04:17+00:00\",\"mainEntityOfPage\":{\"@id\":\"https:\\\/\\\/fundacionofreceunhogar.org\\\/index.php\\\/2023\\\/02\\\/10\\\/firma-del-convenio-de-la-alcaldia-de-panama-con-fundacion-ofrece-un-hogar\\\/\"},\"wordCount\":93,\"image\":{\"@id\":\"https:\\\/\\\/fundacionofreceunhogar.org\\\/index.php\\\/2023\\\/02\\\/10\\\/firma-del-convenio-de-la-alcaldia-de-panama-con-fundacion-ofrece-un-hogar\\\/#primaryimage\"},\"thumbnailUrl\":\"\",\"articleSection\":[\"Eventos\"],\"inLanguage\":\"es\"},{\"@type\":\"WebPage\",\"@id\":\"https:\\\/\\\/fundacionofreceunhogar.org\\\/index.php\\\/2023\\\/02\\\/10\\\/firma-del-convenio-de-la-alcaldia-de-panama-con-fundacion-ofrece-un-hogar\\\/\",\"url\":\"https:\\\/\\\/fundacionofreceunhogar.org\\\/index.php\\\/2023\\\/02\\\/10\\\/firma-del-convenio-de-la-alcaldia-de-panama-con-fundacion-ofrece-un-hogar\\\/\",\"name\":\"Firma del Convenio de la Alcald\u00eda de Panam\u00e1 con Fundaci\u00f3n Ofrece un Hogar - My Shop\",\"isPartOf\":{\"@id\":\"https:\\\/\\\/fundacionofreceunhogar.org\\\/#website\"},\"primaryImageOfPage\":{\"@id\":\"https:\\\/\\\/fundacionofreceunhogar.org\\\/index.php\\\/2023\\\/02\\\/10\\\/firma-del-convenio-de-la-alcaldia-de-panama-con-fundacion-ofrece-un-hogar\\\/#primaryimage\"},\"image\":{\"@id\":\"https:\\\/\\\/fundacionofreceunhogar.org\\\/index.php\\\/2023\\\/02\\\/10\\\/firma-del-convenio-de-la-alcaldia-de-panama-con-fundacion-ofrece-un-hogar\\\/#primaryimage\"},\"thumbnailUrl\":\"\",\"datePublished\":\"2023-02-10T15:04:17+00:00\",\"author\":{\"@id\":\"https:\\\/\\\/fundacionofreceunhogar.org\\\/#\\\/schema\\\/person\\\/1572f2e2203c7f09ea60e0851799e35e\"},\"description\":\"El pasado 15 de junio firmamos en la Casa de la Municipalidad, el Convenio de renovaci\u00f3n del subsidio de la Alcald\u00eda de Panam\u00e1.\",\"breadcrumb\":{\"@id\":\"https:\\\/\\\/fundacionofreceunhogar.org\\\/index.php\\\/2023\\\/02\\\/10\\\/firma-del-convenio-de-la-alcaldia-de-panama-con-fundacion-ofrece-un-hogar\\\/#breadcrumb\"},\"inLanguage\":\"es\",\"potentialAction\":[{\"@type\":\"ReadAction\",\"target\":[\"https:\\\/\\\/fundacionofreceunhogar.org\\\/index.php\\\/2023\\\/02\\\/10\\\/firma-del-convenio-de-la-alcaldia-de-panama-con-fundacion-ofrece-un-hogar\\\/\"]}]},{\"@type\":\"ImageObject\",\"inLanguage\":\"es\",\"@id\":\"https:\\\/\\\/fundacionofreceunhogar.org\\\/index.php\\\/2023\\\/02\\\/10\\\/firma-del-convenio-de-la-alcaldia-de-panama-con-fundacion-ofrece-un-hogar\\\/#primaryimage\",\"url\":\"\",\"contentUrl\":\"\"},{\"@type\":\"BreadcrumbList\",\"@id\":\"https:\\\/\\\/fundacionofreceunhogar.org\\\/index.php\\\/2023\\\/02\\\/10\\\/firma-del-convenio-de-la-alcaldia-de-panama-con-fundacion-ofrece-un-hogar\\\/#breadcrumb\",\"itemListElement\":[{\"@type\":\"ListItem\",\"position\":1,\"name\":\"Portada\",\"item\":\"https:\\\/\\\/fundacionofreceunhogar.org\\\/\"},{\"@type\":\"ListItem\",\"position\":2,\"name\":\"Firma del Convenio de la Alcald\u00eda de Panam\u00e1 con Fundaci\u00f3n Ofrece un Hogar\"}]},{\"@type\":\"WebSite\",\"@id\":\"https:\\\/\\\/fundacionofreceunhogar.org\\\/#website\",\"url\":\"https:\\\/\\\/fundacionofreceunhogar.org\\\/\",\"name\":\"My Shop\",\"description\":\"\",\"potentialAction\":[{\"@type\":\"SearchAction\",\"target\":{\"@type\":\"EntryPoint\",\"urlTemplate\":\"https:\\\/\\\/fundacionofreceunhogar.org\\\/?s={search_term_string}\"},\"query-input\":{\"@type\":\"PropertyValueSpecification\",\"valueRequired\":true,\"valueName\":\"search_term_string\"}}],\"inLanguage\":\"es\"},{\"@type\":\"Person\",\"@id\":\"https:\\\/\\\/fundacionofreceunhogar.org\\\/#\\\/schema\\\/person\\\/1572f2e2203c7f09ea60e0851799e35e\",\"name\":\"editor1\",\"image\":{\"@type\":\"ImageObject\",\"inLanguage\":\"es\",\"@id\":\"https:\\\/\\\/secure.gravatar.com\\\/avatar\\\/?s=96&d=mm&r=g\",\"url\":\"https:\\\/\\\/secure.gravatar.com\\\/avatar\\\/?s=96&d=mm&r=g\",\"contentUrl\":\"https:\\\/\\\/secure.gravatar.com\\\/avatar\\\/?s=96&d=mm&r=g\",\"caption\":\"editor1\"},\"url\":\"https:\\\/\\\/fundacionofreceunhogar.org\\\/index.php\\\/author\\\/editor1\\\/\"}]}<\/script>\n<!-- \/ Yoast SEO plugin. -->","yoast_head_json":{"title":"Firma del Convenio de la Alcald\u00eda de Panam\u00e1 con Fundaci\u00f3n Ofrece un Hogar - My Shop","description":"El pasado 15 de junio firmamos en la Casa de la Municipalidad, el Convenio de renovaci\u00f3n del subsidio de la Alcald\u00eda de Panam\u00e1.","robots":{"index":"index","follow":"follow","max-snippet":"max-snippet:-1","max-image-preview":"max-image-preview:large","max-video-preview":"max-video-preview:-1"},"canonical":"https:\/\/fundacionofreceunhogar.org\/index.php\/2023\/02\/10\/firma-del-convenio-de-la-alcaldia-de-panama-con-fundacion-ofrece-un-hogar\/","og_locale":"es_ES","og_type":"article","og_title":"Firma del Convenio de la Alcald\u00eda de Panam\u00e1 con Fundaci\u00f3n Ofrece un Hogar - My Shop","og_description":"El pasado 15 de junio firmamos en la Casa de la Municipalidad, el Convenio de renovaci\u00f3n del subsidio de la Alcald\u00eda de Panam\u00e1.","og_url":"https:\/\/fundacionofreceunhogar.org\/index.php\/2023\/02\/10\/firma-del-convenio-de-la-alcaldia-de-panama-con-fundacion-ofrece-un-hogar\/","og_site_name":"My Shop","article_published_time":"2023-02-10T15:04:17+00:00","author":"editor1","twitter_card":"summary_large_image","twitter_misc":{"Escrito por":"editor1","Tiempo de lectura":"1 minuto"},"schema":{"@context":"https:\/\/schema.org","@graph":[{"@type":"Article","@id":"https:\/\/fundacionofreceunhogar.org\/index.php\/2023\/02\/10\/firma-del-convenio-de-la-alcaldia-de-panama-con-fundacion-ofrece-un-hogar\/#article","isPartOf":{"@id":"https:\/\/fundacionofreceunhogar.org\/index.php\/2023\/02\/10\/firma-del-convenio-de-la-alcaldia-de-panama-con-fundacion-ofrece-un-hogar\/"},"author":{"name":"editor1","@id":"https:\/\/fundacionofreceunhogar.org\/#\/schema\/person\/1572f2e2203c7f09ea60e0851799e35e"},"headline":"Firma del Convenio de la Alcald\u00eda de Panam\u00e1 con Fundaci\u00f3n Ofrece un Hogar","datePublished":"2023-02-10T15:04:17+00:00","mainEntityOfPage":{"@id":"https:\/\/fundacionofreceunhogar.org\/index.php\/2023\/02\/10\/firma-del-convenio-de-la-alcaldia-de-panama-con-fundacion-ofrece-un-hogar\/"},"wordCount":93,"image":{"@id":"https:\/\/fundacionofreceunhogar.org\/index.php\/2023\/02\/10\/firma-del-convenio-de-la-alcaldia-de-panama-con-fundacion-ofrece-un-hogar\/#primaryimage"},"thumbnailUrl":"","articleSection":["Eventos"],"inLanguage":"es"},{"@type":"WebPage","@id":"https:\/\/fundacionofreceunhogar.org\/index.php\/2023\/02\/10\/firma-del-convenio-de-la-alcaldia-de-panama-con-fundacion-ofrece-un-hogar\/","url":"https:\/\/fundacionofreceunhogar.org\/index.php\/2023\/02\/10\/firma-del-convenio-de-la-alcaldia-de-panama-con-fundacion-ofrece-un-hogar\/","name":"Firma del Convenio de la Alcald\u00eda de Panam\u00e1 con Fundaci\u00f3n Ofrece un Hogar - My Shop","isPartOf":{"@id":"https:\/\/fundacionofreceunhogar.org\/#website"},"primaryImageOfPage":{"@id":"https:\/\/fundacionofreceunhogar.org\/index.php\/2023\/02\/10\/firma-del-convenio-de-la-alcaldia-de-panama-con-fundacion-ofrece-un-hogar\/#primaryimage"},"image":{"@id":"https:\/\/fundacionofreceunhogar.org\/index.php\/2023\/02\/10\/firma-del-convenio-de-la-alcaldia-de-panama-con-fundacion-ofrece-un-hogar\/#primaryimage"},"thumbnailUrl":"","datePublished":"2023-02-10T15:04:17+00:00","author":{"@id":"https:\/\/fundacionofreceunhogar.org\/#\/schema\/person\/1572f2e2203c7f09ea60e0851799e35e"},"description":"El pasado 15 de junio firmamos en la Casa de la Municipalidad, el Convenio de renovaci\u00f3n del subsidio de la Alcald\u00eda de Panam\u00e1.","breadcrumb":{"@id":"https:\/\/fundacionofreceunhogar.org\/index.php\/2023\/02\/10\/firma-del-convenio-de-la-alcaldia-de-panama-con-fundacion-ofrece-un-hogar\/#breadcrumb"},"inLanguage":"es","potentialAction":[{"@type":"ReadAction","target":["https:\/\/fundacionofreceunhogar.org\/index.php\/2023\/02\/10\/firma-del-convenio-de-la-alcaldia-de-panama-con-fundacion-ofrece-un-hogar\/"]}]},{"@type":"ImageObject","inLanguage":"es","@id":"https:\/\/fundacionofreceunhogar.org\/index.php\/2023\/02\/10\/firma-del-convenio-de-la-alcaldia-de-panama-con-fundacion-ofrece-un-hogar\/#primaryimage","url":"","contentUrl":""},{"@type":"BreadcrumbList","@id":"https:\/\/fundacionofreceunhogar.org\/index.php\/2023\/02\/10\/firma-del-convenio-de-la-alcaldia-de-panama-con-fundacion-ofrece-un-hogar\/#breadcrumb","itemListElement":[{"@type":"ListItem","position":1,"name":"Portada","item":"https:\/\/fundacionofreceunhogar.org\/"},{"@type":"ListItem","position":2,"name":"Firma del Convenio de la Alcald\u00eda de Panam\u00e1 con Fundaci\u00f3n Ofrece un Hogar"}]},{"@type":"WebSite","@id":"https:\/\/fundacionofreceunhogar.org\/#website","url":"https:\/\/fundacionofreceunhogar.org\/","name":"My Shop","description":"","potentialAction":[{"@type":"SearchAction","target":{"@type":"EntryPoint","urlTemplate":"https:\/\/fundacionofreceunhogar.org\/?s={search_term_string}"},"query-input":{"@type":"PropertyValueSpecification","valueRequired":true,"valueName":"search_term_string"}}],"inLanguage":"es"},{"@type":"Person","@id":"https:\/\/fundacionofreceunhogar.org\/#\/schema\/person\/1572f2e2203c7f09ea60e0851799e35e","name":"editor1","image":{"@type":"ImageObject","inLanguage":"es","@id":"https:\/\/secure.gravatar.com\/avatar\/?s=96&d=mm&r=g","url":"https:\/\/secure.gravatar.com\/avatar\/?s=96&d=mm&r=g","contentUrl":"https:\/\/secure.gravatar.com\/avatar\/?s=96&d=mm&r=g","caption":"editor1"},"url":"https:\/\/fundacionofreceunhogar.org\/index.php\/author\/editor1\/"}]}},"_links":{"self":[{"href":"https:\/\/fundacionofreceunhogar.org\/index.php\/wp-json\/wp\/v2\/posts\/473","targetHints":{"allow":["GET"]}}],"collection":[{"href":"https:\/\/fundacionofreceunhogar.org\/index.php\/wp-json\/wp\/v2\/posts"}],"about":[{"href":"https:\/\/fundacionofreceunhogar.org\/index.php\/wp-json\/wp\/v2\/types\/post"}],"author":[{"embeddable":true,"href":"https:\/\/fundacionofreceunhogar.org\/index.php\/wp-json\/wp\/v2\/users\/2"}],"replies":[{"embeddable":true,"href":"https:\/\/fundacionofreceunhogar.org\/index.php\/wp-json\/wp\/v2\/comments?post=473"}],"version-history":[{"count":0,"href":"https:\/\/fundacionofreceunhogar.org\/index.php\/wp-json\/wp\/v2\/posts\/473\/revisions"}],"wp:featuredmedia":[{"embeddable":true,"href":"https:\/\/fundacionofreceunhogar.org\/index.php\/wp-json\/"}],"wp:attachment":[{"href":"https:\/\/fundacionofreceunhogar.org\/index.php\/wp-json\/wp\/v2\/media?parent=473"}],"wp:term":[{"taxonomy":"category","embeddable":true,"href":"https:\/\/fundacionofreceunhogar.org\/index.php\/wp-json\/wp\/v2\/categories?post=473"},{"taxonomy":"post_tag","embeddable":true,"href":"https:\/\/fundacionofreceunhogar.org\/index.php\/wp-json\/wp\/v2\/tags?post=473"}],"curies":[{"name":"wp","href":"https:\/\/api.w.org\/{rel}","templated":true}]}}